{"id":208,"date":"2015-05-06T14:39:59","date_gmt":"2015-05-06T12:39:59","guid":{"rendered":"http:\/\/buechermesse.ch\/?p=208"},"modified":"2015-09-21T21:44:23","modified_gmt":"2015-09-21T19:44:23","slug":"freitagabend-literattentat-im-les-amis-bern","status":"publish","type":"post","link":"https:\/\/buechermesse.ch\/?p=208&lang=de","title":{"rendered":"Er\u00f6ffnungsveranstaltung: Literattentat im Les Amis (Bern)"},"content":{"rendered":"<p><strong>15. Mai <strong>|<\/strong> 21:00 Uhr | Wohnzimmer | Literattentat<\/strong><\/p>\n<p><a href=\"http:\/\/buechermesse.ch\/wp-content\/uploads\/2015\/05\/Bu\u0308Me2015_Literattentat.jpg\"><img loading=\"lazy\" decoding=\"async\" class=\"alignnone size-medium wp-image-236\" alt=\"B\u00fcMe2015_Literattentat.indd\" src=\"http:\/\/buechermesse.ch\/wp-content\/uploads\/2015\/05\/Bu\u0308Me2015_Literattentat-219x300.jpg\" width=\"219\" height=\"300\" srcset=\"https:\/\/buechermesse.ch\/wp-content\/uploads\/2015\/05\/Bu\u0308Me2015_Literattentat-219x300.jpg 219w, https:\/\/buechermesse.ch\/wp-content\/uploads\/2015\/05\/Bu\u0308Me2015_Literattentat-748x1024.jpg 748w, https:\/\/buechermesse.ch\/wp-content\/uploads\/2015\/05\/Bu\u0308Me2015_Literattentat.jpg 1747w\" sizes=\"auto, (max-width: 219px) 100vw, 219px\" \/><\/a><\/p>\n<p><a href=\"http:\/\/buechermesse.ch\/wp-content\/uploads\/2015\/05\/Bu\u0308Me2015_Literattentat.pdf\">Bu\u0308Me2015_Literattentat<\/a><\/p>\n<p>An diesem Abend interessieren uns keine Pamphlete, gesammelten Werke oder Manifeste: Den Einstieg zur anarchistischen Buchmesse 2015 feiern wir lieber mit Deinem kleinen Werk.<\/p>\n<p>Es sollte sich in wenigen Minuten vortragen, -spielen, oder -f\u00fchren<br \/>\nlassen und mindestens einen Hauch von Anarchie hinterlassen. Ist es befreiend, zerst\u00f6rerisch, konstruktiv, antagonistisch, utopisch,<br \/>\nherrschaftsfrei? Oder ann\u00e4hernd? Dann auf, zum Literattentat, nur<br \/>\nkeine falsche Zur\u00fcckhaltung und Ger\u00fcchte, zeige Mut und Charme und bereite uns und allen andern ein Vergn\u00fcgen, schlimmstenfalls ein zweifelhaftes. \u00dcbe schon mal fleissig vor dem Spiegel, und wenn du glaubst du hast das nicht n\u00f6tig, dann erst recht. Bist du b\u00fchnenscheu? Dann lass dir was einfallen und vergiss deinen Kassettenrekorder nicht zu Hause. Provoziere und qu\u00e4le unsere zarten Gem\u00fcter mit deinem Mist, begeistere uns f\u00fcr deine Pl\u00e4ne f\u00fcr eine freie Gesellschaft oder hol uns endlich von unsern hohen R\u00f6ssern runter! Wir \u00fcbernehmen weder Haftung noch Kosten f\u00fcr die Flucht ins Exil.<\/p>\n<p>Danach steigt ab 22:30 Uhr eine Party, passend zum Thema der<br \/>\nanarchistischen B\u00fcchermesse (\u201eBalkan Plus\u201c). Teddy Smrt wird euch zum Tanzen bringen, unter anderem mit serbischen Bl\u00e4sersets, mit Dub aus Bosnien und Hip-Hop aus Albanien.<\/p>\n<p><a title=\"Bar Les Amis\" href=\"http:\/\/www.lesamis.ch\/\">http:\/\/www.lesamis.ch\/<\/a><\/p>\n<p>&nbsp;<\/p>\n<p>&nbsp;<\/p>\n","protected":false},"excerpt":{"rendered":"<p>15. Mai | 21:00 Uhr | Wohnzimmer | Literattentat Bu\u0308Me2015_Literattentat An diesem Abend interessieren uns keine Pamphlete, gesammelten Werke oder Manifeste: Den Einstieg zur anarchistischen Buchmesse 2015 feiern wir lieber mit Deinem kleinen Werk. Es sollte sich in wenigen Minuten vortragen, -spielen, oder -f\u00fchren lassen und mindestens einen Hauch von Anarchie hinterlassen. Ist es befreiend, &hellip; <a href=\"https:\/\/buechermesse.ch\/?p=208&#038;lang=de\" class=\"more-link\"><span class=\"screen-reader-text\">Er\u00f6ffnungsveranstaltung: Literattentat im Les Amis (Bern)<\/span> weiterlesen <span class=\"meta-nav\">&rarr;<\/span><\/a><\/p>\n","protected":false},"author":1,"featured_media":0,"comment_status":"closed","ping_status":"closed","sticky":false,"template":"","format":"standard","meta":{"footnotes":""},"categories":[31],"tags":[],"class_list":["post-208","post","type-post","status-publish","format-standard","hentry","category-buchmesse-2015"],"_links":{"self":[{"href":"https:\/\/buechermesse.ch\/index.php?rest_route=\/wp\/v2\/posts\/208","targetHints":{"allow":["GET"]}}],"collection":[{"href":"https:\/\/buechermesse.ch\/index.php?rest_route=\/wp\/v2\/posts"}],"about":[{"href":"https:\/\/buechermesse.ch\/index.php?rest_route=\/wp\/v2\/types\/post"}],"author":[{"embeddable":true,"href":"https:\/\/buechermesse.ch\/index.php?rest_route=\/wp\/v2\/users\/1"}],"replies":[{"embeddable":true,"href":"https:\/\/buechermesse.ch\/index.php?rest_route=%2Fwp%2Fv2%2Fcomments&post=208"}],"version-history":[{"count":5,"href":"https:\/\/buechermesse.ch\/index.php?rest_route=\/wp\/v2\/posts\/208\/revisions"}],"predecessor-version":[{"id":238,"href":"https:\/\/buechermesse.ch\/index.php?rest_route=\/wp\/v2\/posts\/208\/revisions\/238"}],"wp:attachment":[{"href":"https:\/\/buechermesse.ch\/index.php?rest_route=%2Fwp%2Fv2%2Fmedia&parent=208"}],"wp:term":[{"taxonomy":"category","embeddable":true,"href":"https:\/\/buechermesse.ch\/index.php?rest_route=%2Fwp%2Fv2%2Fcategories&post=208"},{"taxonomy":"post_tag","embeddable":true,"href":"https:\/\/buechermesse.ch\/index.php?rest_route=%2Fwp%2Fv2%2Ftags&post=208"}],"curies":[{"name":"wp","href":"https:\/\/api.w.org\/{rel}","templated":true}]}}