{"id":1641,"date":"2019-04-28T23:14:56","date_gmt":"2019-04-28T21:14:56","guid":{"rendered":"http:\/\/buechermesse.ch\/?p=1641"},"modified":"2019-04-28T23:15:34","modified_gmt":"2019-04-28T21:15:34","slug":"1641","status":"publish","type":"post","link":"https:\/\/buechermesse.ch\/?p=1641&lang=de","title":{"rendered":"Produzieren. Verteilen. Essen : die Filme"},"content":{"rendered":"<p>Die anarchistische B\u00fcchermesse zeigt im Mai einen Filmzyklus in der Reitschule in Bern und in der Oblo in Lausanne passend zum diesj\u00e4hrigen Themenschwerpunkt: Ern\u00e4hrung \u2013 Produzieren. Verteilen. Essen.<\/p>\n<p>Mehr Infos hier:<\/p>\n<p><a href=\"http:\/\/oblo.ch\/cinema\/\">www.oblo.ch<\/a><\/p>\n<p><a href=\"http:\/\/www.reitschule.ch\/reitschule\/kino\/?a=zyklus&amp;id=211\">www.reitschule.ch<\/a><\/p>\n<h2>Programme:<\/h2>\n<h3>Reitschule:<\/h3>\n<p>Fr. 03.05.2019; 20:00 Uhr<br \/>\n<a href=\"http:\/\/www.reitschule.ch\/reitschule\/kino\/?a=detail&amp;id=952\">Trading Paradise<\/a><\/p>\n<hr \/>\n<p>Sa. 04.05.2019; 20:00 Uhr<br \/>\n<a href=\"http:\/\/www.reitschule.ch\/reitschule\/kino\/?a=detail&amp;id=953\">Landraub<\/a><\/p>\n<hr \/>\n<p>Fr. 10.05.2019; 20:00 Uhr<br \/>\n<a href=\"http:\/\/www.reitschule.ch\/reitschule\/kino\/?a=detail&amp;id=954\">Somonte<\/a><\/p>\n<hr \/>\n<p>Sa. 11.05.2019; 20:00 Uhr<br \/>\n<a href=\"http:\/\/www.reitschule.ch\/reitschule\/kino\/?a=detail&amp;id=955\">Algun dia es manana<\/a><\/p>\n<hr \/>\n<p>Fr. 17.05.2019; 20:00 Uhr<br \/>\n<a href=\"http:\/\/www.reitschule.ch\/reitschule\/kino\/?a=detail&amp;id=956\">Eine Hand voll Zukunft &#8211; ein Jahr mit der Gartenkooperative Ortoloco<\/a><\/p>\n<hr \/>\n<p>Sa. 18.05.2019; 20:00 Uhr<br \/>\n<a href=\"http:\/\/www.reitschule.ch\/reitschule\/kino\/?a=detail&amp;id=957\">Le dernier Continent<\/a><\/p>\n<hr \/>\n<p>Fr. 24.05.2019; 20:00 Uhr<br \/>\n<a href=\"http:\/\/www.reitschule.ch\/reitschule\/kino\/?a=detail&amp;id=958\">El Ejido, la loi de profit<\/a><\/p>\n<hr \/>\n<p>Sa. 25.05.2019; 20:00 Uhr<br \/>\n<a href=\"http:\/\/www.reitschule.ch\/reitschule\/kino\/?a=detail&amp;id=959\">Soylent Green<\/a><\/p>\n<h3>Oblo:<\/h3>\n<p>Fr. 03.05.2019; 20:00 Uhr<br \/>\n<a href=\"http:\/\/www.reitschule.ch\/reitschule\/kino\/?a=detail&amp;id=952\">Trading Paradise<\/a><\/p>\n<hr \/>\n<p>Fr. 10.05.2019; 20:00 Uhr<br \/>\nChicken Run<\/p>\n<hr \/>\n<p>Fr. 17.05.2019; 20:00 Uhr<br \/>\n<a href=\"https:\/\/www.seedthemovie.com\/\">SEED: The Untold Story<\/a><\/p>\n","protected":false},"excerpt":{"rendered":"<p>Die anarchistische B\u00fcchermesse zeigt im Mai einen Filmzyklus in der Reitschule in Bern und in der Oblo in Lausanne passend zum diesj\u00e4hrigen Themenschwerpunkt: Ern\u00e4hrung \u2013 Produzieren. Verteilen. Essen. Mehr Infos hier: www.oblo.ch www.reitschule.ch Programme: Reitschule: Fr. 03.05.2019; 20:00 Uhr Trading Paradise Sa. 04.05.2019; 20:00 Uhr Landraub Fr. 10.05.2019; 20:00 Uhr Somonte Sa. 11.05.2019; 20:00 Uhr &hellip; <a href=\"https:\/\/buechermesse.ch\/?p=1641&#038;lang=de\" class=\"more-link\"><span class=\"screen-reader-text\">Produzieren. Verteilen. Essen : die Filme<\/span> weiterlesen <span class=\"meta-nav\">&rarr;<\/span><\/a><\/p>\n","protected":false},"author":1,"featured_media":0,"comment_status":"closed","ping_status":"open","sticky":false,"template":"","format":"standard","meta":{"footnotes":""},"categories":[12],"tags":[],"class_list":["post-1641","post","type-post","status-publish","format-standard","hentry","category-allgemein-de"],"_links":{"self":[{"href":"https:\/\/buechermesse.ch\/index.php?rest_route=\/wp\/v2\/posts\/1641","targetHints":{"allow":["GET"]}}],"collection":[{"href":"https:\/\/buechermesse.ch\/index.php?rest_route=\/wp\/v2\/posts"}],"about":[{"href":"https:\/\/buechermesse.ch\/index.php?rest_route=\/wp\/v2\/types\/post"}],"author":[{"embeddable":true,"href":"https:\/\/buechermesse.ch\/index.php?rest_route=\/wp\/v2\/users\/1"}],"replies":[{"embeddable":true,"href":"https:\/\/buechermesse.ch\/index.php?rest_route=%2Fwp%2Fv2%2Fcomments&post=1641"}],"version-history":[{"count":2,"href":"https:\/\/buechermesse.ch\/index.php?rest_route=\/wp\/v2\/posts\/1641\/revisions"}],"predecessor-version":[{"id":1649,"href":"https:\/\/buechermesse.ch\/index.php?rest_route=\/wp\/v2\/posts\/1641\/revisions\/1649"}],"wp:attachment":[{"href":"https:\/\/buechermesse.ch\/index.php?rest_route=%2Fwp%2Fv2%2Fmedia&parent=1641"}],"wp:term":[{"taxonomy":"category","embeddable":true,"href":"https:\/\/buechermesse.ch\/index.php?rest_route=%2Fwp%2Fv2%2Fcategories&post=1641"},{"taxonomy":"post_tag","embeddable":true,"href":"https:\/\/buechermesse.ch\/index.php?rest_route=%2Fwp%2Fv2%2Ftags&post=1641"}],"curies":[{"name":"wp","href":"https:\/\/api.w.org\/{rel}","templated":true}]}}