{"id":1577,"date":"2019-05-30T12:33:49","date_gmt":"2019-05-30T10:33:49","guid":{"rendered":"http:\/\/buechermesse.ch\/?p=1577"},"modified":"2019-05-30T18:49:31","modified_gmt":"2019-05-30T16:49:31","slug":"das-2019-programm","status":"publish","type":"post","link":"https:\/\/buechermesse.ch\/?p=1577&lang=de","title":{"rendered":"DAS 2019 PROGRAMM!"},"content":{"rendered":"<p><a href=\"http:\/\/buechermesse.ch\/wp-content\/uploads\/2019\/04\/1904_a2d-def_x1a2.png\"><img loading=\"lazy\" decoding=\"async\" class=\"size-medium wp-image-1591 aligncenter\" alt=\"1904_a2d-def_x1a\" src=\"http:\/\/buechermesse.ch\/wp-content\/uploads\/2019\/04\/1904_a2d-def_x1a2-212x300.png\" width=\"212\" height=\"300\" srcset=\"https:\/\/buechermesse.ch\/wp-content\/uploads\/2019\/04\/1904_a2d-def_x1a2-212x300.png 212w, https:\/\/buechermesse.ch\/wp-content\/uploads\/2019\/04\/1904_a2d-def_x1a2-726x1024.png 726w\" sizes=\"auto, (max-width: 212px) 100vw, 212px\" \/><\/a><\/p>\n<p><strong>THEMA:<\/strong> PRODUZIEREN, VERTEILEN, ESSEN<\/p>\n<p>AnarKita am ganzen Wochenende.<\/p>\n<p>Alle Essen wird vegan sein.<\/p>\n<h2><strong>Freitag<\/strong><\/h2>\n<p><strong>17.00 \u2013 23.00:<\/strong>\u00a0 B\u00fcchertische<\/p>\n<p><strong>17.00 &#8211; 22.00:<\/strong> Anarkita<\/p>\n<p><strong>18.00 &#8211; 19.00:\u00a0<\/strong><\/p>\n<p>Buchpr\u00e4sentation\u00a0: Landwirtschaft ohne Ausbeutung von Tieren<\/p>\n<p><strong>\u00a019.00 &#8211; 21.00:\u00a0 <\/strong>Abendessen<\/p>\n<p><strong>20.00 &#8211; 21.00: <\/strong><\/p>\n<p><strong><\/strong>Buchpr\u00e4sentation\u00a0: Oase in einer W\u00fcste der Ordnung<\/p>\n<p><strong>21:00 &#8211; 22.00:<\/strong>\u00a0 Konzert <a href=\"https:\/\/www.youtube.com\/watch?v=EHf25Rxwjtk\">N\u00c2R<\/a> (Drone \/ Cosmic loops \/ Gnawa)<\/p>\n<p>&nbsp;<\/p>\n<h2><strong>Samstag<\/strong>:<\/h2>\n<p><strong>10.00 -19.00:<\/strong><\/p>\n<p>B\u00fcchertische<\/p>\n<p lang=\"en-US\">AUSSTELLUNG. Gentechnik: Der Druck besteht noch immer<\/p>\n<p>Live radio<\/p>\n<p>Siebdruck<\/p>\n<p><strong>10.00 &#8211; 20.00:<\/strong> Anarkita<\/p>\n<p><strong>13.00 \u2013 14.00:<\/strong> Mittagessen<\/p>\n<p><strong>11.00 \u2013 13.00:<\/strong><\/p>\n<p lang=\"en-US\">WORKSHOP: Autonomie et jardins-for\u00eats<\/p>\n<p>RUNDER TISCH: Solidarische Landwirtschaft<\/p>\n<p lang=\"en-US\">\u00a0<strong>14.00 \u2013 16.00:<\/strong><\/p>\n<p lang=\"en-US\">PR\u00c4SENTATION: Gen- und Technologie in der Landwirtschaft<\/p>\n<p>WORKSHOP: Kr\u00e4uterworkshop<\/p>\n<p>PR\u00c4SENTATION: The 15.Garden &#8211; das Netzwerk zur Nahrungssouver\u00e4nit\u00e4t in Syrien<\/p>\n<p>DISKUSSION: Auf der Scholle arbeiten<\/p>\n<p><strong>16.30 \u2013 18.30:<\/strong><\/p>\n<p>WORKSHOP: Anarchismus = Antispeziesismus<\/p>\n<p>WORKSHOP: Hunger oder Lifestyle?<\/p>\n<p>PR\u00c4SENTATION: SOS Rosarno<\/p>\n<p><strong>19.00:\u00a0\u00a0\u00a0\u00a0<\/strong>\u00a0\u00a0\u00a0\u00a0\u00a0\u00a0\u00a0\u00a0\u00a0\u00a0\u00a0\u00a0\u00a0 Concert\u00a0 La Chorale Anarchiste de Lausanne.<\/p>\n<p><strong>20.00 :\u00a0\u00a0\u00a0\u00a0\u00a0\u00a0\u00a0\u00a0\u00a0\u00a0\u00a0\u00a0\u00a0\u00a0\u00a0\u00a0\u00a0<\/strong>Abendessen<\/p>\n<p><strong>20.00:\u00a0\u00a0\u00a0<\/strong>\u00a0\u00a0\u00a0\u00a0\u00a0\u00a0\u00a0\u00a0\u00a0\u00a0\u00a0\u00a0\u00a0\u00a0 Nighter an der Zieglerstrasse 9<\/p>\n<p>Reggae, Soul, Ska, R&#8217;n&#8217;R, Rockabilly, Psychobilly, Italo<\/p>\n<p>Selecters:\u00a0 Lucky Lulu Belle \/\/ Hans Friedensbruch \/\/ Joe the Bossless<\/p>\n<p>&nbsp;<\/p>\n<h2><strong>Sonntag<\/strong><\/h2>\n<p><strong>10.00 \u2013 13.00:\u00a0<\/strong> Brunch<\/p>\n<p><strong>10.00 &#8211; 26.00:<\/strong> Anarkita<\/p>\n<p><strong>11.00 \u2013 13.00:\u00a0<\/strong><\/p>\n<p lang=\"en-US\">WORKSHOP: Autonomie praktisch gedacht<\/p>\n<p lang=\"en-US\">WORKSHOP: Hangry Zine Projekt<\/p>\n<p><strong>13.00 \u2013 15.00:<\/strong><\/p>\n<p>RUNDER TISCH:\u00a0 Kollektive Landwirtschaft: Was, warum und wie?<\/p>\n<p><strong>15.00:\u00a0\u00a0<\/strong>\u00a0\u00a0\u00a0\u00a0\u00a0\u00a0\u00a0\u00a0\u00a0\u00a0\u00a0\u00a0\u00a0\u00a0\u00a0\u00a0 Schlusstreffen offen f\u00fcr alle<\/p>\n<p>&nbsp;<\/p>\n<p>&nbsp;<\/p>\n<h3><strong>Places<\/strong>:<\/h3>\n<p><strong>Furia<\/strong>\u00a0: Fabrikool, Fabrikstrasse 16<\/p>\n<p><strong>Gertrud-Woker\u2013Mensa<\/strong>\u00a0: Gertrud-Woker-Strasse 3<\/p>\n<p><strong>Casa d\u2019Italia<\/strong>\u00a0: B\u00fchlstrasse 57<\/p>\n<p><strong>Von Roll lounge<\/strong>\u00a0: Fabrikstrasse 8<\/p>\n","protected":false},"excerpt":{"rendered":"<p>THEMA: PRODUZIEREN, VERTEILEN, ESSEN AnarKita am ganzen Wochenende. Alle Essen wird vegan sein. Freitag 17.00 \u2013 23.00:\u00a0 B\u00fcchertische 17.00 &#8211; 22.00: Anarkita 18.00 &#8211; 19.00:\u00a0 Buchpr\u00e4sentation\u00a0: Landwirtschaft ohne Ausbeutung von Tieren \u00a019.00 &#8211; 21.00:\u00a0 Abendessen 20.00 &#8211; 21.00: Buchpr\u00e4sentation\u00a0: Oase in einer W\u00fcste der Ordnung 21:00 &#8211; 22.00:\u00a0 Konzert N\u00c2R (Drone \/ Cosmic loops \/ &hellip; <a href=\"https:\/\/buechermesse.ch\/?p=1577&#038;lang=de\" class=\"more-link\"><span class=\"screen-reader-text\">DAS 2019 PROGRAMM!<\/span> weiterlesen <span class=\"meta-nav\">&rarr;<\/span><\/a><\/p>\n","protected":false},"author":1,"featured_media":0,"comment_status":"closed","ping_status":"open","sticky":false,"template":"","format":"standard","meta":{"footnotes":""},"categories":[12],"tags":[],"class_list":["post-1577","post","type-post","status-publish","format-standard","hentry","category-allgemein-de"],"_links":{"self":[{"href":"https:\/\/buechermesse.ch\/index.php?rest_route=\/wp\/v2\/posts\/1577","targetHints":{"allow":["GET"]}}],"collection":[{"href":"https:\/\/buechermesse.ch\/index.php?rest_route=\/wp\/v2\/posts"}],"about":[{"href":"https:\/\/buechermesse.ch\/index.php?rest_route=\/wp\/v2\/types\/post"}],"author":[{"embeddable":true,"href":"https:\/\/buechermesse.ch\/index.php?rest_route=\/wp\/v2\/users\/1"}],"replies":[{"embeddable":true,"href":"https:\/\/buechermesse.ch\/index.php?rest_route=%2Fwp%2Fv2%2Fcomments&post=1577"}],"version-history":[{"count":13,"href":"https:\/\/buechermesse.ch\/index.php?rest_route=\/wp\/v2\/posts\/1577\/revisions"}],"predecessor-version":[{"id":1772,"href":"https:\/\/buechermesse.ch\/index.php?rest_route=\/wp\/v2\/posts\/1577\/revisions\/1772"}],"wp:attachment":[{"href":"https:\/\/buechermesse.ch\/index.php?rest_route=%2Fwp%2Fv2%2Fmedia&parent=1577"}],"wp:term":[{"taxonomy":"category","embeddable":true,"href":"https:\/\/buechermesse.ch\/index.php?rest_route=%2Fwp%2Fv2%2Fcategories&post=1577"},{"taxonomy":"post_tag","embeddable":true,"href":"https:\/\/buechermesse.ch\/index.php?rest_route=%2Fwp%2Fv2%2Ftags&post=1577"}],"curies":[{"name":"wp","href":"https:\/\/api.w.org\/{rel}","templated":true}]}}